{"id":15927,"date":"2020-05-19T09:19:23","date_gmt":"2020-05-19T08:19:23","guid":{"rendered":"https:\/\/relojes-especiales.com\/blog\/?p=15927"},"modified":"2023-01-16T00:07:01","modified_gmt":"2023-01-15T23:07:01","slug":"re1-un-reloj-de-a-j-pita-para-relojes-especiales","status":"publish","type":"post","link":"https:\/\/relojes-especiales.com\/blog\/re1-un-reloj-de-a-j-pita-para-relojes-especiales\/","title":{"rendered":"RE1, un reloj de A. J. Pita para Relojes Especiales"},"content":{"rendered":"<p>Esta es la historia del RE1, un reloj de A. J. Pita para Relojes Especiales. El primero, porque\u00a0 despu\u00e9s de este vendr\u00edan dos relojes m\u00e1s: el RE2 y el RE3. Una historia, por cierto, que a la hora de contarla ya tiene m\u00e1s de 15 a\u00f1os, casi tantos como el foro mismo. Para situarnos, hay que decir que en ese tiempo internet era ligeramente distinto de ahora y\u00a0 los\u00a0 recursos<strong>\u00a0 <\/strong>eran m\u00e1s limitados. No exist\u00edan Aliexpress ni Amazon (Google s\u00ed, pero no Gmail), las empresas a\u00fan se comunicaban por fax y acceder a proveedores industriales para, por ejemplo, hacerse un reloj personalizado era poco menos que una utop\u00eda.<\/p>\n<h3>Navegando por internet<\/h3>\n<p>En esa situaci\u00f3n nos encontr\u00e1bamos nosotros, un grupo de aficionados (los <strong>\u201c<\/strong><a href=\"https:\/\/relojes-especiales.com\/blog\/los-origenes-de-relojes-especiales\/\"><strong>cuatro<\/strong> <strong>gatos<\/strong><\/a>\u201d) que reci\u00e9n ech\u00e1bamos a andar un foro del que ni por asomo pod\u00edamos imaginar que llegar\u00eda hasta hoy. Y como la ignorancia es muy atrevida decidimos intentarlo. Lo primero que decidimos \u2013antes de nada, de verdad- fue el precio: no pod\u00eda pasar de 300 euros. Lo siguiente era ver qui\u00e9n nos pod\u00eda vender calibres, cajas, esferas, agujas\u2026 y ver qui\u00e9n ensamblaba todo eso. Las b\u00fasquedas en Google arrojaban resultados curiosos, cuando no decepcionantes: s\u00f3lo unos pocos proveedores -suizos o alemanes- que, si daban esa informaci\u00f3n, ped\u00edan unas cantidades m\u00ednimas muy lejos de nuestras posibilidades.<\/p>\n<p>Fue en esa \u00e9poca cuando, gracias a un art\u00edculo en la revista Relojes y Estilogr\u00e1ficas, supe de un relojero de Barcelona que en su tiempo libre se dedicaba a hacer sus propios relojes. Ahora, despu\u00e9s de haber conocido a unos cuantos relojeros, s\u00e9 que \u2013como cualquier profesional- cuando terminan su jornada laboral lo que intentan es desconectar. No era este el caso de Aniceto: le brillan los ojos \u2013todav\u00eda hoy- cuando habla del tema, y es capaz de dejar lo que sea que est\u00e9 haciendo por una buena conversaci\u00f3n relojera.<\/p>\n<figure id=\"attachment_15929\" aria-describedby=\"caption-attachment-15929\" style=\"width: 1280px\" class=\"wp-caption aligncenter\"><a href=\"https:\/\/cdna.relojes-especiales.com\/blog\/wp-content\/uploads\/2020\/05\/aniceto-j-pita-.jpg\"><img loading=\"lazy\" decoding=\"async\" class=\"size-full wp-image-15929\" src=\"https:\/\/cdna.relojes-especiales.com\/blog\/wp-content\/uploads\/2020\/05\/aniceto-j-pita-.jpg\" alt=\"A. J. Pita\" width=\"1280\" height=\"853\" srcset=\"https:\/\/cdna.relojes-especiales.com\/blog\/wp-content\/uploads\/2020\/05\/aniceto-j-pita-.jpg 1280w, https:\/\/cdna.relojes-especiales.com\/blog\/wp-content\/uploads\/2020\/05\/aniceto-j-pita--300x200.jpg 300w, https:\/\/cdna.relojes-especiales.com\/blog\/wp-content\/uploads\/2020\/05\/aniceto-j-pita--1024x682.jpg 1024w, https:\/\/cdna.relojes-especiales.com\/blog\/wp-content\/uploads\/2020\/05\/aniceto-j-pita--768x512.jpg 768w\" sizes=\"auto, (max-width: 1280px) 100vw, 1280px\" \/><\/a><figcaption id=\"caption-attachment-15929\" class=\"wp-caption-text\">Aniceto J. Pita, por m\u00e9ritos propios<\/figcaption><\/figure>\n<h3>Aniceto Jim\u00e9nez Pita<\/h3>\n<p>Aniceto Jim\u00e9nez Pita es un relojero de formaci\u00f3n autodidacta que aprendi\u00f3 por su cuenta los secretos de la materia. Originario de Oliva de M\u00e9rida (Badajoz) a los 16 a\u00f1os se traslad\u00f3 a Barcelona con su familia. Como la literatura disponible en castellano era escasa, aprendi\u00f3 alem\u00e1n para poder seguir estudiando, algo que no ha dejado de hacer hasta hoy. Durante m\u00e1s de 60 a\u00f1os no s\u00f3lo ha desentra\u00f1ado los secretos de la relojer\u00eda sino que ha llegado a desarrollar varias patentes, la m\u00e1s importante de las cuales es la supresi\u00f3n del \u201cremontoir\u201d en un reloj. Dicho m\u00e1s llanamente: poder poner un reloj en hora sin necesidad de una corona, lo que permite suprimirla.<\/p>\n<p>Fue con este invento con el que en esa \u00e9poca, a principios de 2004, Aniceto present\u00f3 su candidatura a la prestigiosa <a href=\"https:\/\/www.ahci.ch\/members\/aniceto-jimenez-pita\/\"><strong>AHCI<\/strong><\/a> (la Academia de Relojeros Creadores Independientes). A\u00fan recuerdo su expresi\u00f3n de felicidad cuando me dec\u00eda \u2013nos acab\u00e1bamos de conocer- que ten\u00eda muchas esperanzas de ser admitido. Y desde luego que lo fue, y entr\u00f3 en el selecto club de Vincent Calabrese, FP Journe o los Baumgartner de Urwerk. Pero esa es otra historia.<\/p>\n<figure id=\"attachment_15931\" aria-describedby=\"caption-attachment-15931\" style=\"width: 1280px\" class=\"wp-caption aligncenter\"><a href=\"https:\/\/cdna.relojes-especiales.com\/blog\/wp-content\/uploads\/2020\/05\/aniceto-j-pita-3.jpg\"><img loading=\"lazy\" decoding=\"async\" class=\"size-full wp-image-15931\" src=\"https:\/\/cdna.relojes-especiales.com\/blog\/wp-content\/uploads\/2020\/05\/aniceto-j-pita-3.jpg\" alt=\"Aniceto J. Pita\" width=\"1280\" height=\"800\" srcset=\"https:\/\/cdna.relojes-especiales.com\/blog\/wp-content\/uploads\/2020\/05\/aniceto-j-pita-3.jpg 1280w, https:\/\/cdna.relojes-especiales.com\/blog\/wp-content\/uploads\/2020\/05\/aniceto-j-pita-3-300x188.jpg 300w, https:\/\/cdna.relojes-especiales.com\/blog\/wp-content\/uploads\/2020\/05\/aniceto-j-pita-3-1024x640.jpg 1024w, https:\/\/cdna.relojes-especiales.com\/blog\/wp-content\/uploads\/2020\/05\/aniceto-j-pita-3-768x480.jpg 768w, https:\/\/cdna.relojes-especiales.com\/blog\/wp-content\/uploads\/2020\/05\/aniceto-j-pita-3-343x215.jpg 343w, https:\/\/cdna.relojes-especiales.com\/blog\/wp-content\/uploads\/2020\/05\/aniceto-j-pita-3-326x205.jpg 326w\" sizes=\"auto, (max-width: 1280px) 100vw, 1280px\" \/><\/a><figcaption id=\"caption-attachment-15931\" class=\"wp-caption-text\">2004, Aniceto J. Pita en su taller<\/figcaption><\/figure>\n<h3>RE1, un reloj de A. J. Pita para Relojes Especiales<\/h3>\n<p>La que interesa aqu\u00ed es c\u00f3mo se implica un maestro relojero a punto de entrar en el Olimpo de Creadores Independientes con un foro de aficionados que todav\u00eda no ten\u00eda ni un a\u00f1o de existencia. Porque ahora, en 2020, s\u00ed hay muchos agentes del sector relojero que saben qu\u00e9 es Relojes Especiales, pero entonces no \u00e9ramos m\u00e1s que un punto muy peque\u00f1o en el mapa de Internet. Juro que lo que voy a contar es cierto: dos d\u00edas despu\u00e9s de conocer a Aniceto J. Pita estaba yo d\u00e1ndole vueltas al tema de nuestro reloj de foro y las dificultades que est\u00e1bamos encontrando. Entonces pens\u00e9 que si alguien ten\u00eda acceso a todo eso (desde los componentes hasta el ensamblaje) era precisamente \u00e9l. Como el \u201cno\u201d ya lo ten\u00edamos, decid\u00ed llamarle. Estaba alargando el brazo hacia el tel\u00e9fono (fijo, que las cuotas de m\u00f3vil eran muy caras) cuando \u00e9ste son\u00f3.<\/p>\n<p>Efectivamente, era \u00e9l, y recuerdo bien sus palabras: \u201cHola, soy \u00a0Aniceto. Oye, me gustar\u00eda mucho hacer ese reloj para vosotros&#8230;\u00bb\u00a0 As\u00ed de sencillo, as\u00ed de complejo. Claro que le hab\u00eda comentado nuestra idea loca de \u201chacernos un reloj\u201d, pero en aquel momento no se me hab\u00eda ocurrido ped\u00edrselo. Primero porque estaba enfrascado en su candidatura y segundo porque acababa de conocerlo y yo no sab\u00eda realmente qui\u00e9n se dedicaba a esas cosas de montar relojes personalizados, si es que hab\u00eda alguien.<\/p>\n<p>&nbsp;<\/p>\n<figure id=\"attachment_15932\" aria-describedby=\"caption-attachment-15932\" style=\"width: 1280px\" class=\"wp-caption aligncenter\"><a href=\"https:\/\/cdna.relojes-especiales.com\/blog\/wp-content\/uploads\/2020\/05\/re1-bocetos.jpg\"><img loading=\"lazy\" decoding=\"async\" class=\"size-full wp-image-15932\" src=\"https:\/\/cdna.relojes-especiales.com\/blog\/wp-content\/uploads\/2020\/05\/re1-bocetos.jpg\" alt=\"bocetos RE1 \" width=\"1280\" height=\"1152\" srcset=\"https:\/\/cdna.relojes-especiales.com\/blog\/wp-content\/uploads\/2020\/05\/re1-bocetos.jpg 1280w, https:\/\/cdna.relojes-especiales.com\/blog\/wp-content\/uploads\/2020\/05\/re1-bocetos-300x270.jpg 300w, https:\/\/cdna.relojes-especiales.com\/blog\/wp-content\/uploads\/2020\/05\/re1-bocetos-1024x922.jpg 1024w, https:\/\/cdna.relojes-especiales.com\/blog\/wp-content\/uploads\/2020\/05\/re1-bocetos-768x691.jpg 768w\" sizes=\"auto, (max-width: 1280px) 100vw, 1280px\" \/><\/a><figcaption id=\"caption-attachment-15932\" class=\"wp-caption-text\">Primeros bocetos del RE1<\/figcaption><\/figure>\n<h3>Bien acompa\u00f1ados<\/h3>\n<p>A partir de ah\u00ed todo empez\u00f3 a tomar forma r\u00e1pidamente. Ten\u00edamos claro que lo que quer\u00edamos era un reloj de tipo cl\u00e1sico (lo que venimos llamando \u201cde vestir\u201d), para lo cual est\u00e1bamos de acuerdo en que el tama\u00f1o no deb\u00eda superar los 38mm. Pero poco m\u00e1s. Aqu\u00ed fue de gran ayuda el conocimiento de Pita sobre el mercado. Inicialmente se habl\u00f3 de conseguir calibres AS1130, pero no iba a haber suficientes, y poco a poco desembocamos en lo que entonces se conoc\u00eda como Peseux 7001 (hoy denominado Eta 7001). Se trata de un calibre manual relativamente peque\u00f1o, con segundero a las seis que permit\u00eda la configuraci\u00f3n cl\u00e1sica que recordar\u00eda \u2013vagamente, eso s\u00ed- a un reloj de bolsillo.<\/p>\n<p>&nbsp;<\/p>\n<figure id=\"attachment_15934\" aria-describedby=\"caption-attachment-15934\" style=\"width: 1280px\" class=\"wp-caption aligncenter\"><a href=\"https:\/\/cdna.relojes-especiales.com\/blog\/wp-content\/uploads\/2020\/05\/re1-prototipos.jpg\"><img loading=\"lazy\" decoding=\"async\" class=\"size-full wp-image-15934\" src=\"https:\/\/cdna.relojes-especiales.com\/blog\/wp-content\/uploads\/2020\/05\/re1-prototipos.jpg\" alt=\"Prototipos RE1\" width=\"1280\" height=\"480\" srcset=\"https:\/\/cdna.relojes-especiales.com\/blog\/wp-content\/uploads\/2020\/05\/re1-prototipos.jpg 1280w, https:\/\/cdna.relojes-especiales.com\/blog\/wp-content\/uploads\/2020\/05\/re1-prototipos-300x113.jpg 300w, https:\/\/cdna.relojes-especiales.com\/blog\/wp-content\/uploads\/2020\/05\/re1-prototipos-1024x384.jpg 1024w, https:\/\/cdna.relojes-especiales.com\/blog\/wp-content\/uploads\/2020\/05\/re1-prototipos-768x288.jpg 768w\" sizes=\"auto, (max-width: 1280px) 100vw, 1280px\" \/><\/a><figcaption id=\"caption-attachment-15934\" class=\"wp-caption-text\">Primeros prototipos del RE1<\/figcaption><\/figure>\n<p>&nbsp;<\/p>\n<figure id=\"attachment_15935\" aria-describedby=\"caption-attachment-15935\" style=\"width: 1280px\" class=\"wp-caption aligncenter\"><a href=\"https:\/\/cdna.relojes-especiales.com\/blog\/wp-content\/uploads\/2020\/05\/re-1-caja-plata_.jpg\"><img loading=\"lazy\" decoding=\"async\" class=\"size-full wp-image-15935\" src=\"https:\/\/cdna.relojes-especiales.com\/blog\/wp-content\/uploads\/2020\/05\/re-1-caja-plata_.jpg\" alt=\"RE1 de plata\" width=\"1280\" height=\"960\" srcset=\"https:\/\/cdna.relojes-especiales.com\/blog\/wp-content\/uploads\/2020\/05\/re-1-caja-plata_.jpg 1280w, https:\/\/cdna.relojes-especiales.com\/blog\/wp-content\/uploads\/2020\/05\/re-1-caja-plata_-300x225.jpg 300w, https:\/\/cdna.relojes-especiales.com\/blog\/wp-content\/uploads\/2020\/05\/re-1-caja-plata_-1024x768.jpg 1024w, https:\/\/cdna.relojes-especiales.com\/blog\/wp-content\/uploads\/2020\/05\/re-1-caja-plata_-768x576.jpg 768w\" sizes=\"auto, (max-width: 1280px) 100vw, 1280px\" \/><\/a><figcaption id=\"caption-attachment-15935\" class=\"wp-caption-text\">Las primeras cajas para el RE1. En plata<\/figcaption><\/figure>\n<p>Para mediados de 2004 ya sab\u00edamos que iba a ser un reloj en caja de plata. Todo un lujo que parad\u00f3jicamente facilitaba las cosas al ser de fundici\u00f3n y no tener que encargar una tirada muy limitada a un fabricante de cajas. Aqu\u00ed se manifestaba de nuevo la habilidad de Aniceto, porque realmente hab\u00eda mucha diferencia de di\u00e1metro entre la caja (incluso la medida interior) y el calibre mismo. Lo resolvi\u00f3 magistralmente incluyendo un anillo de suplemento \u2013lo que t\u00e9cnicamente se conoce como \u201cbata\u201d- que lo abrazara. Ese anillo no s\u00f3lo llevar\u00eda la inscripci\u00f3n conmemorativa sino que servir\u00eda para alojar los tornillos que fijar\u00edan la trasera transparente (o no) a la caja misma. El cristal ser\u00eda de pl\u00e1stico (\u201cplexi\u201d, para los entendidos), porque era m\u00e1s coherente con el conjunto y la \u00e9poca en la que se inspiraba\u2026 y porque un zafiro curvado se iba a llevar la mitad del presupuesto total del reloj.<\/p>\n<figure id=\"attachment_15933\" aria-describedby=\"caption-attachment-15933\" style=\"width: 1280px\" class=\"wp-caption aligncenter\"><a href=\"https:\/\/cdna.relojes-especiales.com\/blog\/wp-content\/uploads\/2020\/05\/re-1-prototipos-1.jpg\"><img loading=\"lazy\" decoding=\"async\" class=\"size-full wp-image-15933\" src=\"https:\/\/cdna.relojes-especiales.com\/blog\/wp-content\/uploads\/2020\/05\/re-1-prototipos-1.jpg\" alt=\"Cajas de plata para el RE1\" width=\"1280\" height=\"800\" srcset=\"https:\/\/cdna.relojes-especiales.com\/blog\/wp-content\/uploads\/2020\/05\/re-1-prototipos-1.jpg 1280w, https:\/\/cdna.relojes-especiales.com\/blog\/wp-content\/uploads\/2020\/05\/re-1-prototipos-1-300x188.jpg 300w, https:\/\/cdna.relojes-especiales.com\/blog\/wp-content\/uploads\/2020\/05\/re-1-prototipos-1-1024x640.jpg 1024w, https:\/\/cdna.relojes-especiales.com\/blog\/wp-content\/uploads\/2020\/05\/re-1-prototipos-1-768x480.jpg 768w, https:\/\/cdna.relojes-especiales.com\/blog\/wp-content\/uploads\/2020\/05\/re-1-prototipos-1-343x215.jpg 343w, https:\/\/cdna.relojes-especiales.com\/blog\/wp-content\/uploads\/2020\/05\/re-1-prototipos-1-326x205.jpg 326w\" sizes=\"auto, (max-width: 1280px) 100vw, 1280px\" \/><\/a><figcaption id=\"caption-attachment-15933\" class=\"wp-caption-text\">Jugando con las medidas<\/figcaption><\/figure>\n<h3>La cara es el espejo del alma<\/h3>\n<p>Sin ser lo m\u00e1s importante a nivel t\u00e9cnico, una esfera condiciona el conjunto de un reloj. Ah\u00ed tambi\u00e9n contamos con Pita y la enorme colecci\u00f3n que atesora, no menos de dos centenares perfectamente ordenadas en libros de coleccionismo de monedas. No ser\u00eda sincero si dijera que cost\u00f3 mucho elegirla, porque fue verla seg\u00fan pasaba las hojas y saber que ser\u00eda esa. Una hermosa combinaci\u00f3n entre un marfil claro, cobre y oro viejo de una desconocida marca llamada Berex, \u00a0que probablemente fuera un \u201censamblador\u201d de piezas compradas a distintos proveedores. El color marfil se convirti\u00f3 en plata y el \u201cchemin de fer\u201d (el tramo de minutos perimetral) creci\u00f3 un poco para alcanzar el di\u00e1metro id\u00f3neo, mientras se reubicaba el taladro para que los minutos peque\u00f1os encajaran en la Peseux 7001 que ya estaba en camino. Y el encargado de fabricar nuestras esferas no fue cualquiera: Cador fabrica para algunas de las marcas m\u00e1s sonoras de Suiza y Alemania.<\/p>\n<figure id=\"attachment_15936\" aria-describedby=\"caption-attachment-15936\" style=\"width: 1280px\" class=\"wp-caption aligncenter\"><a href=\"https:\/\/cdna.relojes-especiales.com\/blog\/wp-content\/uploads\/2020\/05\/re-1-prototipos-berex.jpg\"><img loading=\"lazy\" decoding=\"async\" class=\"size-full wp-image-15936\" src=\"https:\/\/cdna.relojes-especiales.com\/blog\/wp-content\/uploads\/2020\/05\/re-1-prototipos-berex.jpg\" alt=\"Esfera y calibre\" width=\"1280\" height=\"960\" srcset=\"https:\/\/cdna.relojes-especiales.com\/blog\/wp-content\/uploads\/2020\/05\/re-1-prototipos-berex.jpg 1280w, https:\/\/cdna.relojes-especiales.com\/blog\/wp-content\/uploads\/2020\/05\/re-1-prototipos-berex-300x225.jpg 300w, https:\/\/cdna.relojes-especiales.com\/blog\/wp-content\/uploads\/2020\/05\/re-1-prototipos-berex-1024x768.jpg 1024w, https:\/\/cdna.relojes-especiales.com\/blog\/wp-content\/uploads\/2020\/05\/re-1-prototipos-berex-768x576.jpg 768w\" sizes=\"auto, (max-width: 1280px) 100vw, 1280px\" \/><\/a><figcaption id=\"caption-attachment-15936\" class=\"wp-caption-text\">La esfera elegida y el calibre Peseux 7001<\/figcaption><\/figure>\n<p>&nbsp;<\/p>\n<figure id=\"attachment_15938\" aria-describedby=\"caption-attachment-15938\" style=\"width: 800px\" class=\"wp-caption aligncenter\"><a href=\"https:\/\/cdna.relojes-especiales.com\/blog\/wp-content\/uploads\/2020\/05\/Esferas-cador.jpg\"><img loading=\"lazy\" decoding=\"async\" class=\"size-full wp-image-15938\" src=\"https:\/\/cdna.relojes-especiales.com\/blog\/wp-content\/uploads\/2020\/05\/Esferas-cador.jpg\" alt=\"Las esferas de Cador para el RE1\" width=\"800\" height=\"535\" srcset=\"https:\/\/cdna.relojes-especiales.com\/blog\/wp-content\/uploads\/2020\/05\/Esferas-cador.jpg 800w, https:\/\/cdna.relojes-especiales.com\/blog\/wp-content\/uploads\/2020\/05\/Esferas-cador-300x201.jpg 300w, https:\/\/cdna.relojes-especiales.com\/blog\/wp-content\/uploads\/2020\/05\/Esferas-cador-768x514.jpg 768w\" sizes=\"auto, (max-width: 800px) 100vw, 800px\" \/><\/a><figcaption id=\"caption-attachment-15938\" class=\"wp-caption-text\">Las esferas de Cador para el RE1<\/figcaption><\/figure>\n<p>Una de las cosas que suscit\u00f3 cierta polarizaci\u00f3n fue el logo de RE \u00bflo pon\u00edamos en la esfera, junto al nombre de Pita? \u00bfEn la trasera? En ese momento no ten\u00edamos el logo que luce hoy la p\u00e1gina, y en realidad no ten\u00edamos un logo como tal. Finalmente, y ahora me alegro much\u00edsimo, se decidi\u00f3 por votaci\u00f3n no poner un logo que estoy seguro que hoy ver\u00edamos fuera de lugar. En vez de eso se propuso \u2013Pita, una vez m\u00e1s- una colecci\u00f3n de cierres y hebillas que s\u00ed lo llevar\u00edan. En plata, por supuesto. Las correas, con su pespunte de color cobre, parec\u00edan hechas ex profeso para el RE1. Fueron proporcionadas por RIOS a trav\u00e9s de un buen amigo que hoy vuela muy alto (un abrazo, Nick). Otro tema: el fondo \u00bftransparente o ciego? De los Peseux conseguidos por Aniceto hab\u00eda de tres tipos: color acero, color cobre y color cobre esqueleteados. De nuevo, propuesta del maestro: podr\u00eda elegirse entre ambas opciones, y ninguna de las dos iba a defraudar. Si acaso a generar dudas, porque las dos eran tremendamente atractivas, y a las fotos me remito. Hasta coronas pudimos elegir.<\/p>\n<figure id=\"attachment_15937\" aria-describedby=\"caption-attachment-15937\" style=\"width: 1280px\" class=\"wp-caption aligncenter\"><a href=\"https:\/\/cdna.relojes-especiales.com\/blog\/wp-content\/uploads\/2020\/05\/re-1-prototipos-2.jpg\"><img loading=\"lazy\" decoding=\"async\" class=\"size-full wp-image-15937\" src=\"https:\/\/cdna.relojes-especiales.com\/blog\/wp-content\/uploads\/2020\/05\/re-1-prototipos-2.jpg\" alt=\"Alternativas en la esfera\" width=\"1280\" height=\"800\" srcset=\"https:\/\/cdna.relojes-especiales.com\/blog\/wp-content\/uploads\/2020\/05\/re-1-prototipos-2.jpg 1280w, https:\/\/cdna.relojes-especiales.com\/blog\/wp-content\/uploads\/2020\/05\/re-1-prototipos-2-300x188.jpg 300w, https:\/\/cdna.relojes-especiales.com\/blog\/wp-content\/uploads\/2020\/05\/re-1-prototipos-2-1024x640.jpg 1024w, https:\/\/cdna.relojes-especiales.com\/blog\/wp-content\/uploads\/2020\/05\/re-1-prototipos-2-768x480.jpg 768w, https:\/\/cdna.relojes-especiales.com\/blog\/wp-content\/uploads\/2020\/05\/re-1-prototipos-2-343x215.jpg 343w, https:\/\/cdna.relojes-especiales.com\/blog\/wp-content\/uploads\/2020\/05\/re-1-prototipos-2-326x205.jpg 326w\" sizes=\"auto, (max-width: 1280px) 100vw, 1280px\" \/><\/a><figcaption id=\"caption-attachment-15937\" class=\"wp-caption-text\">Varias posibilidades de logo \/ no-logo<\/figcaption><\/figure>\n<figure id=\"attachment_15941\" aria-describedby=\"caption-attachment-15941\" style=\"width: 1280px\" class=\"wp-caption aligncenter\"><a href=\"https:\/\/cdna.relojes-especiales.com\/blog\/wp-content\/uploads\/2020\/05\/Correa-RE1.jpg\"><img loading=\"lazy\" decoding=\"async\" class=\"size-full wp-image-15941\" src=\"https:\/\/cdna.relojes-especiales.com\/blog\/wp-content\/uploads\/2020\/05\/Correa-RE1.jpg\" alt=\"El pespunte, a juego\" width=\"1280\" height=\"385\" srcset=\"https:\/\/cdna.relojes-especiales.com\/blog\/wp-content\/uploads\/2020\/05\/Correa-RE1.jpg 1280w, https:\/\/cdna.relojes-especiales.com\/blog\/wp-content\/uploads\/2020\/05\/Correa-RE1-300x90.jpg 300w, https:\/\/cdna.relojes-especiales.com\/blog\/wp-content\/uploads\/2020\/05\/Correa-RE1-1024x308.jpg 1024w, https:\/\/cdna.relojes-especiales.com\/blog\/wp-content\/uploads\/2020\/05\/Correa-RE1-768x231.jpg 768w\" sizes=\"auto, (max-width: 1280px) 100vw, 1280px\" \/><\/a><figcaption id=\"caption-attachment-15941\" class=\"wp-caption-text\">La correa RIOS, con pespunte en bronce<\/figcaption><\/figure>\n<figure id=\"attachment_15939\" aria-describedby=\"caption-attachment-15939\" style=\"width: 1280px\" class=\"wp-caption aligncenter\"><a href=\"https:\/\/cdna.relojes-especiales.com\/blog\/wp-content\/uploads\/2020\/05\/re-1-bucles.jpg\"><img loading=\"lazy\" decoding=\"async\" class=\"size-full wp-image-15939\" src=\"https:\/\/cdna.relojes-especiales.com\/blog\/wp-content\/uploads\/2020\/05\/re-1-bucles.jpg\" alt=\"Bucles para el RE1\" width=\"1280\" height=\"960\" srcset=\"https:\/\/cdna.relojes-especiales.com\/blog\/wp-content\/uploads\/2020\/05\/re-1-bucles.jpg 1280w, https:\/\/cdna.relojes-especiales.com\/blog\/wp-content\/uploads\/2020\/05\/re-1-bucles-300x225.jpg 300w, https:\/\/cdna.relojes-especiales.com\/blog\/wp-content\/uploads\/2020\/05\/re-1-bucles-1024x768.jpg 1024w, https:\/\/cdna.relojes-especiales.com\/blog\/wp-content\/uploads\/2020\/05\/re-1-bucles-768x576.jpg 768w\" sizes=\"auto, (max-width: 1280px) 100vw, 1280px\" \/><\/a><figcaption id=\"caption-attachment-15939\" class=\"wp-caption-text\">Los distintos cierres para la correa<\/figcaption><\/figure>\n<figure id=\"attachment_15951\" aria-describedby=\"caption-attachment-15951\" style=\"width: 1280px\" class=\"wp-caption aligncenter\"><a href=\"https:\/\/cdna.relojes-especiales.com\/blog\/wp-content\/uploads\/2020\/05\/re-1-coronas.jpg\"><img loading=\"lazy\" decoding=\"async\" class=\"size-full wp-image-15951\" src=\"https:\/\/cdna.relojes-especiales.com\/blog\/wp-content\/uploads\/2020\/05\/re-1-coronas.jpg\" alt=\"Tres coronas para el RE1\" width=\"1280\" height=\"827\" srcset=\"https:\/\/cdna.relojes-especiales.com\/blog\/wp-content\/uploads\/2020\/05\/re-1-coronas.jpg 1280w, https:\/\/cdna.relojes-especiales.com\/blog\/wp-content\/uploads\/2020\/05\/re-1-coronas-300x194.jpg 300w, https:\/\/cdna.relojes-especiales.com\/blog\/wp-content\/uploads\/2020\/05\/re-1-coronas-1024x662.jpg 1024w, https:\/\/cdna.relojes-especiales.com\/blog\/wp-content\/uploads\/2020\/05\/re-1-coronas-768x496.jpg 768w\" sizes=\"auto, (max-width: 1280px) 100vw, 1280px\" \/><\/a><figcaption id=\"caption-attachment-15951\" class=\"wp-caption-text\">Tres corona, tres<\/figcaption><\/figure>\n<figure id=\"attachment_15940\" aria-describedby=\"caption-attachment-15940\" style=\"width: 1280px\" class=\"wp-caption aligncenter\"><a href=\"https:\/\/cdna.relojes-especiales.com\/blog\/wp-content\/uploads\/2020\/05\/RE1-trasera-ciega.jpg\"><img loading=\"lazy\" decoding=\"async\" class=\"size-full wp-image-15940\" src=\"https:\/\/cdna.relojes-especiales.com\/blog\/wp-content\/uploads\/2020\/05\/RE1-trasera-ciega.jpg\" alt=\"Fondo ciego para el RE1\" width=\"1280\" height=\"960\" srcset=\"https:\/\/cdna.relojes-especiales.com\/blog\/wp-content\/uploads\/2020\/05\/RE1-trasera-ciega.jpg 1280w, https:\/\/cdna.relojes-especiales.com\/blog\/wp-content\/uploads\/2020\/05\/RE1-trasera-ciega-300x225.jpg 300w, https:\/\/cdna.relojes-especiales.com\/blog\/wp-content\/uploads\/2020\/05\/RE1-trasera-ciega-1024x768.jpg 1024w, https:\/\/cdna.relojes-especiales.com\/blog\/wp-content\/uploads\/2020\/05\/RE1-trasera-ciega-768x576.jpg 768w\" sizes=\"auto, (max-width: 1280px) 100vw, 1280px\" \/><\/a><figcaption id=\"caption-attachment-15940\" class=\"wp-caption-text\">El fondo ciego \u00bfCu\u00e1l elegir?<\/figcaption><\/figure>\n<h3>Serie realmente limitada<\/h3>\n<p>\u00bfDe cu\u00e1ntas unidades tiene que componerse una serie para que resulte verdaderamente exclusiva? No hablo de revalorizaciones futuras (ese concepto ni siquiera se planteaba en aquel tiempo) sino del orgullo del propietario a la hora de saber que no iba a encontrar otro reloj igual al suyo, pero que si eso ocurr\u00eda ten\u00eda conversaci\u00f3n garantizada para rato. En un momento dado ten\u00edamos 46 inscritos, pero iban apareciendo nuevos interesados a medida que public\u00e1bamos im\u00e1genes del avance del proyecto. Un d\u00eda est\u00e1bamos en el taller de Pita puliendo los detalles, sali\u00f3 el tema y le pregunt\u00e9 \u201c\u00bfAniceto, cu\u00e1ntos a\u00f1os tienes?\u201d \u201cCincuenta y siete acabados de cumplir en mayo\u201d. Pues ya tenemos la serie limitada, y con un motivo a\u00f1adido como es poder datar el proyecto cronol\u00f3gicamente sin necesidad de escribir el a\u00f1o en el reloj mismo.<\/p>\n<figure id=\"attachment_15942\" aria-describedby=\"caption-attachment-15942\" style=\"width: 1280px\" class=\"wp-caption aligncenter\"><a href=\"https:\/\/cdna.relojes-especiales.com\/blog\/wp-content\/uploads\/2020\/05\/re-1-prototipos-3.jpg\"><img loading=\"lazy\" decoding=\"async\" class=\"size-full wp-image-15942\" src=\"https:\/\/cdna.relojes-especiales.com\/blog\/wp-content\/uploads\/2020\/05\/re-1-prototipos-3.jpg\" alt=\"S\u00f3lo 57 relojes\" width=\"1280\" height=\"960\" srcset=\"https:\/\/cdna.relojes-especiales.com\/blog\/wp-content\/uploads\/2020\/05\/re-1-prototipos-3.jpg 1280w, https:\/\/cdna.relojes-especiales.com\/blog\/wp-content\/uploads\/2020\/05\/re-1-prototipos-3-300x225.jpg 300w, https:\/\/cdna.relojes-especiales.com\/blog\/wp-content\/uploads\/2020\/05\/re-1-prototipos-3-1024x768.jpg 1024w, https:\/\/cdna.relojes-especiales.com\/blog\/wp-content\/uploads\/2020\/05\/re-1-prototipos-3-768x576.jpg 768w\" sizes=\"auto, (max-width: 1280px) 100vw, 1280px\" \/><\/a><figcaption id=\"caption-attachment-15942\" class=\"wp-caption-text\">57 en todo el mundo. Una serie realmente limitada.<\/figcaption><\/figure>\n<p>Est\u00e1bamos en junio de 2004, ten\u00edamos ya el primer prototipo y tardamos todav\u00eda casi un a\u00f1o m\u00e1s para entregarlo, entre recibir el material, repasarlo, ensamblarlo y empezar a enviarlo. Y s\u00e9 todo esto diecis\u00e9is a\u00f1os despu\u00e9s porque milagrosamente conservo un extenso archivo gr\u00e1fico de la \u00e9poca, incluyendo un dibujo en una servilleta que es lo que da cach\u00e9 a estas cosas. No s\u00f3lo eso: quien quiera podr\u00e1 meterse en una especie de m\u00e1quina del tiempo <a href=\"https:\/\/web.archive.org\/web\/20200928194333\/http:\/\/boards4.melodysoft.com\/app?ID=RE-1\"><strong>aqu\u00ed<\/strong><\/a> y ver en tiempo real c\u00f3mo lo est\u00e1bamos pasando a principios de 2005, cuando en enero todav\u00eda no hab\u00edan llegado las esferas. Ni casi en febrero. Tambi\u00e9n podr\u00e1 reconocer a algunos hist\u00f3ricos que ya no est\u00e1n en RE, o que se fueron, y ver\u00e1n que este art\u00edculo no es m\u00e1s que la plasmaci\u00f3n de una idea que ya surgi\u00f3 all\u00e1 y que por alguna raz\u00f3n no acab\u00f3 viendo la luz. Para colmo de efem\u00e9rides, ese a\u00f1o (2005) fue el primero en el que Aniceto J. Pita expon\u00eda en Baselworld como miembro de pleno derecho de la AHCI. Sirva como homenaje a todos.<\/p>\n<figure id=\"attachment_15944\" aria-describedby=\"caption-attachment-15944\" style=\"width: 1280px\" class=\"wp-caption aligncenter\"><a href=\"https:\/\/cdna.relojes-especiales.com\/blog\/wp-content\/uploads\/2020\/05\/PICT3926.jpg\"><img loading=\"lazy\" decoding=\"async\" class=\"size-full wp-image-15944\" src=\"https:\/\/cdna.relojes-especiales.com\/blog\/wp-content\/uploads\/2020\/05\/PICT3926.jpg\" alt=\"El tr\u00edo din\u00e1mico\" width=\"1280\" height=\"960\" srcset=\"https:\/\/cdna.relojes-especiales.com\/blog\/wp-content\/uploads\/2020\/05\/PICT3926.jpg 1280w, https:\/\/cdna.relojes-especiales.com\/blog\/wp-content\/uploads\/2020\/05\/PICT3926-300x225.jpg 300w, https:\/\/cdna.relojes-especiales.com\/blog\/wp-content\/uploads\/2020\/05\/PICT3926-1024x768.jpg 1024w, https:\/\/cdna.relojes-especiales.com\/blog\/wp-content\/uploads\/2020\/05\/PICT3926-768x576.jpg 768w\" sizes=\"auto, (max-width: 1280px) 100vw, 1280px\" \/><\/a><figcaption id=\"caption-attachment-15944\" class=\"wp-caption-text\">El RE1 entre sus hermanos mayores, que marchaban de viaje&#8230;<\/figcaption><\/figure>\n<figure id=\"attachment_15943\" aria-describedby=\"caption-attachment-15943\" style=\"width: 960px\" class=\"wp-caption aligncenter\"><a href=\"https:\/\/cdna.relojes-especiales.com\/blog\/wp-content\/uploads\/2020\/05\/re-1-final.jpg\"><img loading=\"lazy\" decoding=\"async\" class=\"size-full wp-image-15943\" src=\"https:\/\/cdna.relojes-especiales.com\/blog\/wp-content\/uploads\/2020\/05\/re-1-final.jpg\" alt=\"RE1 de A. J. Pita\" width=\"960\" height=\"1280\" srcset=\"https:\/\/cdna.relojes-especiales.com\/blog\/wp-content\/uploads\/2020\/05\/re-1-final.jpg 960w, https:\/\/cdna.relojes-especiales.com\/blog\/wp-content\/uploads\/2020\/05\/re-1-final-225x300.jpg 225w, https:\/\/cdna.relojes-especiales.com\/blog\/wp-content\/uploads\/2020\/05\/re-1-final-768x1024.jpg 768w\" sizes=\"auto, (max-width: 960px) 100vw, 960px\" \/><\/a><figcaption id=\"caption-attachment-15943\" class=\"wp-caption-text\">Finalmente, nuestro sue\u00f1o hecho realidad<\/figcaption><\/figure>\n<p>Un \u00faltimo apunte: por si el RE1 no fuera lo suficientemente especial, debe ser de los pocos si no el \u00fanico reloj que goza de una garant\u00eda de por vida otorgada por su propio creador.<\/p>\n<figure id=\"attachment_15945\" aria-describedby=\"caption-attachment-15945\" style=\"width: 1280px\" class=\"wp-caption aligncenter\"><a href=\"https:\/\/cdna.relojes-especiales.com\/blog\/wp-content\/uploads\/2020\/05\/RE1-01.jpg\"><img loading=\"lazy\" decoding=\"async\" class=\"size-full wp-image-15945\" src=\"https:\/\/cdna.relojes-especiales.com\/blog\/wp-content\/uploads\/2020\/05\/RE1-01.jpg\" alt=\"El RE1, finalizado.\" width=\"1280\" height=\"960\" srcset=\"https:\/\/cdna.relojes-especiales.com\/blog\/wp-content\/uploads\/2020\/05\/RE1-01.jpg 1280w, https:\/\/cdna.relojes-especiales.com\/blog\/wp-content\/uploads\/2020\/05\/RE1-01-300x225.jpg 300w, https:\/\/cdna.relojes-especiales.com\/blog\/wp-content\/uploads\/2020\/05\/RE1-01-1024x768.jpg 1024w, https:\/\/cdna.relojes-especiales.com\/blog\/wp-content\/uploads\/2020\/05\/RE1-01-768x576.jpg 768w\" sizes=\"auto, (max-width: 1280px) 100vw, 1280px\" \/><\/a><figcaption id=\"caption-attachment-15945\" class=\"wp-caption-text\">Un resultado redondo<\/figcaption><\/figure>\n<figure id=\"attachment_15952\" aria-describedby=\"caption-attachment-15952\" style=\"width: 1280px\" class=\"wp-caption aligncenter\"><a href=\"https:\/\/cdna.relojes-especiales.com\/blog\/wp-content\/uploads\/2020\/05\/re-1-caja-plata.jpg\"><img loading=\"lazy\" decoding=\"async\" class=\"size-full wp-image-15952\" src=\"https:\/\/cdna.relojes-especiales.com\/blog\/wp-content\/uploads\/2020\/05\/re-1-caja-plata.jpg\" alt=\"Corona de cebolla\" width=\"1280\" height=\"960\" srcset=\"https:\/\/cdna.relojes-especiales.com\/blog\/wp-content\/uploads\/2020\/05\/re-1-caja-plata.jpg 1280w, https:\/\/cdna.relojes-especiales.com\/blog\/wp-content\/uploads\/2020\/05\/re-1-caja-plata-300x225.jpg 300w, https:\/\/cdna.relojes-especiales.com\/blog\/wp-content\/uploads\/2020\/05\/re-1-caja-plata-1024x768.jpg 1024w, https:\/\/cdna.relojes-especiales.com\/blog\/wp-content\/uploads\/2020\/05\/re-1-caja-plata-768x576.jpg 768w\" sizes=\"auto, (max-width: 1280px) 100vw, 1280px\" \/><\/a><figcaption id=\"caption-attachment-15952\" class=\"wp-caption-text\">Irrepetible<\/figcaption><\/figure>\n<p>&nbsp;<\/p>\n","protected":false},"excerpt":{"rendered":"<p>Esta es la historia del RE1, un reloj de A. J. Pita para Relojes Especiales. El primero, porque\u00a0 despu\u00e9s de este vendr\u00edan dos relojes m\u00e1s:<\/p>\n","protected":false},"author":3,"featured_media":15940,"comment_status":"closed","ping_status":"closed","sticky":false,"template":"","format":"standard","meta":{"_seopress_robots_primary_cat":"310","_seopress_titles_title":"","_seopress_titles_desc":"RE1 un reloj de A. J. Pita para Relojes Especiales. Despu\u00e9s vendr\u00edan dos m\u00e1s: un crono aviador con Lemania 5100 y un diver extremo: el Oceana Abisal","_seopress_robots_index":"","footnotes":""},"categories":[231,310],"tags":[],"class_list":["post-15927","post","type-post","status-publish","format-standard","has-post-thumbnail","hentry","category-actualidad-relojes-especiales","category-proyectos-re"],"_links":{"self":[{"href":"https:\/\/relojes-especiales.com\/blog\/wp-json\/wp\/v2\/posts\/15927","targetHints":{"allow":["GET"]}}],"collection":[{"href":"https:\/\/relojes-especiales.com\/blog\/wp-json\/wp\/v2\/posts"}],"about":[{"href":"https:\/\/relojes-especiales.com\/blog\/wp-json\/wp\/v2\/types\/post"}],"author":[{"embeddable":true,"href":"https:\/\/relojes-especiales.com\/blog\/wp-json\/wp\/v2\/users\/3"}],"replies":[{"embeddable":true,"href":"https:\/\/relojes-especiales.com\/blog\/wp-json\/wp\/v2\/comments?post=15927"}],"version-history":[{"count":3,"href":"https:\/\/relojes-especiales.com\/blog\/wp-json\/wp\/v2\/posts\/15927\/revisions"}],"predecessor-version":[{"id":16028,"href":"https:\/\/relojes-especiales.com\/blog\/wp-json\/wp\/v2\/posts\/15927\/revisions\/16028"}],"wp:featuredmedia":[{"embeddable":true,"href":"https:\/\/relojes-especiales.com\/blog\/wp-json\/wp\/v2\/media\/15940"}],"wp:attachment":[{"href":"https:\/\/relojes-especiales.com\/blog\/wp-json\/wp\/v2\/media?parent=15927"}],"wp:term":[{"taxonomy":"category","embeddable":true,"href":"https:\/\/relojes-especiales.com\/blog\/wp-json\/wp\/v2\/categories?post=15927"},{"taxonomy":"post_tag","embeddable":true,"href":"https:\/\/relojes-especiales.com\/blog\/wp-json\/wp\/v2\/tags?post=15927"}],"curies":[{"name":"wp","href":"https:\/\/api.w.org\/{rel}","templated":true}]}}