{"id":14744,"date":"2018-07-30T09:43:28","date_gmt":"2018-07-30T08:43:28","guid":{"rendered":"https:\/\/relojes-especiales.com\/blog\/?p=14744"},"modified":"2018-07-30T09:43:28","modified_gmt":"2018-07-30T08:43:28","slug":"fabien-cousteau-es-el-nuevo-embajador-de-seiko-prospex","status":"publish","type":"post","link":"https:\/\/relojes-especiales.com\/blog\/fabien-cousteau-es-el-nuevo-embajador-de-seiko-prospex\/","title":{"rendered":"Fabien Cousteau es el nuevo embajador de Seiko Prospex"},"content":{"rendered":"<p><a href=\"https:\/\/relojes-especiales.com\/blog\/marcas-de-relojes\/relojes-seiko\/\" target=\"_blank\" rel=\"noopener\">Seiko Prospex<\/a>, la colecci\u00f3n que plasma el compromiso de la marca nipona con la conservaci\u00f3n de los oc\u00e9anos, tiene nuevo embajador: Fabien Cousteau. Nieto del c\u00e9lebre Jacques Costeau, Fabien ha contribuido a engrandecer la labor de la saga familiar en la preservaci\u00f3n del fondo marino.<\/p>\n<p>Por su parte, <a href=\"https:\/\/relojes-especiales.com\/blog\/marcas-de-relojes\/relojes-seiko\/\" target=\"_blank\" rel=\"noopener\">Seiko<\/a>, como no pod\u00eda ser de otro modo, ha mostrado siempre un profundo compromiso con la protecci\u00f3n de los oc\u00e9anos, una preocupaci\u00f3n l\u00f3gica para una manufactura que tiene como uno de sus pilares b\u00e1sicos la colecci\u00f3n Prospex de relojes de buceo. Por eso era cuesti\u00f3n de tiempo que Fabien y <a href=\"https:\/\/relojes-especiales.com\/blog\/marcas-de-relojes\/relojes-seiko\/\" target=\"_blank\" rel=\"noopener\">Seiko<\/a> se encontraran para colaborar en iniciativas que dieran salida a esta preocupaci\u00f3n com\u00fan por la salud de nuestros mares.<\/p>\n<p><a href=\"https:\/\/cdna.relojes-especiales.com\/blog\/wp-content\/uploads\/2018\/07\/Jaques-Costeau-Seiko-Prospex-Relojes-Especiales-02.jpg\"><img loading=\"lazy\" decoding=\"async\" class=\"alignnone wp-image-14747\" src=\"https:\/\/cdna.relojes-especiales.com\/blog\/wp-content\/uploads\/2018\/07\/Jaques-Costeau-Seiko-Prospex-Relojes-Especiales-02-300x194.jpg\" alt=\"Fabien Cousteau es el nuevo embajador de Seiko Prospex \" width=\"622\" height=\"402\" srcset=\"https:\/\/cdna.relojes-especiales.com\/blog\/wp-content\/uploads\/2018\/07\/Jaques-Costeau-Seiko-Prospex-Relojes-Especiales-02-300x194.jpg 300w, https:\/\/cdna.relojes-especiales.com\/blog\/wp-content\/uploads\/2018\/07\/Jaques-Costeau-Seiko-Prospex-Relojes-Especiales-02.jpg 700w\" sizes=\"auto, (max-width: 622px) 100vw, 622px\" \/><\/a><\/p>\n<p>Fruto, pues, de esta uni\u00f3n, ser\u00e1 la participaci\u00f3n de <a href=\"https:\/\/relojes-especiales.com\/blog\/marcas-de-relojes\/relojes-seiko\/\" target=\"_blank\" rel=\"noopener\">Seiko<\/a> en el Centro de Aprendizaje Marino Fabien Cousteau, la instituci\u00f3n creada por el reputado explorador marino, a la que la relojera donar\u00e1 parte de los beneficios obtenidos con la exclusiva colecci\u00f3n de Seiko Prospex Save the Ocean.<\/p>\n<p>Adem\u00e1s, se ha abierto una nueva cuenta de Instagram de Seiko Prospex en la que los aficionados al oc\u00e9ano podr\u00e1n encontrar detalles de las actividades, descubrimientos y peripecias vividas por Fabien Costeau en su lucha por la conservaci\u00f3n del mundo submarino. Una lucha en la que, desde ahora, tiene un nuevo compa\u00f1ero de fatigas, <a href=\"https:\/\/relojes-especiales.com\/blog\/marcas-de-relojes\/relojes-seiko\/\" target=\"_blank\" rel=\"noopener\">Seiko<\/a>.<\/p>\n<p>Si t\u00fa tambi\u00e9n est\u00e1s comprometido con el medio ambiente y quieres conocer detalles sobre este interesante proyecto conjunto, te dejamos un maravilloso v\u00eddeo que relata la importante labor que la fundaci\u00f3n de Fabien Costeau lleva a cabo:<\/p>\n<div style=\"width: 780px;\" class=\"wp-video\"><!--[if lt IE 9]><script>document.createElement('video');<\/script><![endif]-->\n<video class=\"wp-video-shortcode\" id=\"video-14744-1\" width=\"780\" height=\"439\" preload=\"metadata\" controls=\"controls\"><source type=\"video\/mp4\" src=\"https:\/\/cdna.relojes-especiales.com\/blog\/wp-content\/uploads\/2018\/07\/Video-Fabien-Cousteau-Seiko-Prospex-720.mp4?_=1\" \/><a href=\"https:\/\/cdna.relojes-especiales.com\/blog\/wp-content\/uploads\/2018\/07\/Video-Fabien-Cousteau-Seiko-Prospex-720.mp4\">https:\/\/relojes-especiales.com\/blog\/wp-content\/uploads\/2018\/07\/Video-Fabien-Cousteau-Seiko-Prospex-720.mp4<\/a><\/video><\/div>\n<p>Tambi\u00e9n te animamos a seguir la nueva cuenta de Instagram<br \/>\nwww.instagram.com\/seiko_prospex\/<\/p>\n<p>Porque cualquier gesto es importante para dar visibilidad a las labores que de verdad nos importan \ud83d\ude09<\/p>\n","protected":false},"excerpt":{"rendered":"<p>Seiko Prospex, la colecci\u00f3n que plasma el compromiso de la marca nipona con la conservaci\u00f3n de los oc\u00e9anos, tiene nuevo embajador: Fabien Cousteau. Nieto del<\/p>\n","protected":false},"author":1,"featured_media":14746,"comment_status":"closed","ping_status":"closed","sticky":false,"template":"","format":"standard","meta":{"_seopress_robots_primary_cat":"193","_seopress_titles_title":"","_seopress_titles_desc":"Seiko Prospex, la colecci\u00f3n que plasma el compromiso de la marca nipona con la conservaci\u00f3n de los oc\u00e9anos, tiene nuevo embajador: Fabien Cousteau.","_seopress_robots_index":"","footnotes":""},"categories":[193,210,247,235],"tags":[],"class_list":["post-14744","post","type-post","status-publish","format-standard","has-post-thumbnail","hentry","category-destacados-relojes-especiales","category-noticias-relojes-especiales","category-relojes-seiko","category-sociedad-y-eventos-relojeria"],"_links":{"self":[{"href":"https:\/\/relojes-especiales.com\/blog\/wp-json\/wp\/v2\/posts\/14744","targetHints":{"allow":["GET"]}}],"collection":[{"href":"https:\/\/relojes-especiales.com\/blog\/wp-json\/wp\/v2\/posts"}],"about":[{"href":"https:\/\/relojes-especiales.com\/blog\/wp-json\/wp\/v2\/types\/post"}],"author":[{"embeddable":true,"href":"https:\/\/relojes-especiales.com\/blog\/wp-json\/wp\/v2\/users\/1"}],"replies":[{"embeddable":true,"href":"https:\/\/relojes-especiales.com\/blog\/wp-json\/wp\/v2\/comments?post=14744"}],"version-history":[{"count":4,"href":"https:\/\/relojes-especiales.com\/blog\/wp-json\/wp\/v2\/posts\/14744\/revisions"}],"predecessor-version":[{"id":14749,"href":"https:\/\/relojes-especiales.com\/blog\/wp-json\/wp\/v2\/posts\/14744\/revisions\/14749"}],"wp:featuredmedia":[{"embeddable":true,"href":"https:\/\/relojes-especiales.com\/blog\/wp-json\/wp\/v2\/media\/14746"}],"wp:attachment":[{"href":"https:\/\/relojes-especiales.com\/blog\/wp-json\/wp\/v2\/media?parent=14744"}],"wp:term":[{"taxonomy":"category","embeddable":true,"href":"https:\/\/relojes-especiales.com\/blog\/wp-json\/wp\/v2\/categories?post=14744"},{"taxonomy":"post_tag","embeddable":true,"href":"https:\/\/relojes-especiales.com\/blog\/wp-json\/wp\/v2\/tags?post=14744"}],"curies":[{"name":"wp","href":"https:\/\/api.w.org\/{rel}","templated":true}]}}